{"id":996,"date":"2025-08-06T10:58:59","date_gmt":"2025-08-06T08:58:59","guid":{"rendered":"https:\/\/grandoptical.pl\/porady\/?p=996"},"modified":"2025-09-09T09:36:59","modified_gmt":"2025-09-09T07:36:59","slug":"event-w-grand-optical-galeria-mokotow-warszawa","status":"publish","type":"post","link":"https:\/\/grandoptical.pl\/porady\/event-w-grand-optical-galeria-mokotow-warszawa\/","title":{"rendered":"Event w Grand Optical Galeria Mokot\u00f3w- Warszawa"},"content":{"rendered":"","protected":false},"excerpt":{"rendered":"","protected":false},"author":2,"featured_media":0,"comment_status":"open","ping_status":"open","sticky":false,"template":"","format":"standard","meta":{"_acf_changed":false,"footnotes":""},"categories":[1],"tags":[],"class_list":["post-996","post","type-post","status-publish","format-standard","hentry","category-bez-kategorii"],"acf":[],"yoast_head":"<!-- This site is optimized with the Yoast SEO plugin v27.4 - https:\/\/yoast.com\/product\/yoast-seo-wordpress\/ -->\n<title>Event w Grand Optical Galeria Mokot\u00f3w- Warszawa<\/title>\n<meta name=\"description\" content=\"Ju\u017c w najbli\u017csz\u0105 sobot\u0119 09.08 spotkajmy si\u0119 na ca\u0142odniowym evencie w salonie Grand Optical w Westfield Mokot\u00f3w!\" \/>\n<meta name=\"robots\" content=\"index, follow, max-snippet:-1, max-image-preview:large, max-video-preview:-1\" \/>\n<link rel=\"canonical\" href=\"https:\/\/grandoptical.pl\/porady\/event-w-grand-optical-galeria-mokotow-warszawa\/\" \/>\n<meta property=\"og:locale\" content=\"pl_PL\" \/>\n<meta property=\"og:type\" content=\"article\" \/>\n<meta property=\"og:title\" content=\"Event w Grand Optical Galeria Mokot\u00f3w- Warszawa\" \/>\n<meta property=\"og:description\" content=\"Ju\u017c w najbli\u017csz\u0105 sobot\u0119 09.08 spotkajmy si\u0119 na ca\u0142odniowym evencie w salonie Grand Optical w Westfield Mokot\u00f3w!\" \/>\n<meta property=\"og:url\" content=\"https:\/\/grandoptical.pl\/porady\/event-w-grand-optical-galeria-mokotow-warszawa\/\" \/>\n<meta property=\"og:site_name\" content=\"Porady - Grand Optical\" \/>\n<meta property=\"article:published_time\" content=\"2025-08-06T08:58:59+00:00\" \/>\n<meta property=\"article:modified_time\" content=\"2025-09-09T07:36:59+00:00\" \/>\n<meta name=\"author\" content=\"barbarakominek\" \/>\n<meta name=\"twitter:card\" content=\"summary_large_image\" \/>\n<meta name=\"twitter:label1\" content=\"Napisane przez\" \/>\n\t<meta name=\"twitter:data1\" content=\"barbarakominek\" \/>\n<script type=\"application\/ld+json\" class=\"yoast-schema-graph\">{\"@context\":\"https:\\\/\\\/schema.org\",\"@graph\":[{\"@type\":\"Article\",\"@id\":\"https:\\\/\\\/grandoptical.pl\\\/porady\\\/event-w-grand-optical-galeria-mokotow-warszawa\\\/#article\",\"isPartOf\":{\"@id\":\"https:\\\/\\\/grandoptical.pl\\\/porady\\\/event-w-grand-optical-galeria-mokotow-warszawa\\\/\"},\"author\":{\"name\":\"barbarakominek\",\"@id\":\"https:\\\/\\\/grandoptical.pl\\\/porady\\\/#\\\/schema\\\/person\\\/77682f9049c237a3165c35d7541f6eda\"},\"headline\":\"Event w Grand Optical Galeria Mokot\u00f3w- Warszawa\",\"datePublished\":\"2025-08-06T08:58:59+00:00\",\"dateModified\":\"2025-09-09T07:36:59+00:00\",\"mainEntityOfPage\":{\"@id\":\"https:\\\/\\\/grandoptical.pl\\\/porady\\\/event-w-grand-optical-galeria-mokotow-warszawa\\\/\"},\"wordCount\":8,\"commentCount\":0,\"inLanguage\":\"pl-PL\",\"potentialAction\":[{\"@type\":\"CommentAction\",\"name\":\"Comment\",\"target\":[\"https:\\\/\\\/grandoptical.pl\\\/porady\\\/event-w-grand-optical-galeria-mokotow-warszawa\\\/#respond\"]}]},{\"@type\":\"WebPage\",\"@id\":\"https:\\\/\\\/grandoptical.pl\\\/porady\\\/event-w-grand-optical-galeria-mokotow-warszawa\\\/\",\"url\":\"https:\\\/\\\/grandoptical.pl\\\/porady\\\/event-w-grand-optical-galeria-mokotow-warszawa\\\/\",\"name\":\"Event w Grand Optical Galeria Mokot\u00f3w- Warszawa\",\"isPartOf\":{\"@id\":\"https:\\\/\\\/grandoptical.pl\\\/porady\\\/#website\"},\"datePublished\":\"2025-08-06T08:58:59+00:00\",\"dateModified\":\"2025-09-09T07:36:59+00:00\",\"author\":{\"@id\":\"https:\\\/\\\/grandoptical.pl\\\/porady\\\/#\\\/schema\\\/person\\\/77682f9049c237a3165c35d7541f6eda\"},\"description\":\"Ju\u017c w najbli\u017csz\u0105 sobot\u0119 09.08 spotkajmy si\u0119 na ca\u0142odniowym evencie w salonie Grand Optical w Westfield Mokot\u00f3w!\",\"breadcrumb\":{\"@id\":\"https:\\\/\\\/grandoptical.pl\\\/porady\\\/event-w-grand-optical-galeria-mokotow-warszawa\\\/#breadcrumb\"},\"inLanguage\":\"pl-PL\",\"potentialAction\":[{\"@type\":\"ReadAction\",\"target\":[\"https:\\\/\\\/grandoptical.pl\\\/porady\\\/event-w-grand-optical-galeria-mokotow-warszawa\\\/\"]}]},{\"@type\":\"BreadcrumbList\",\"@id\":\"https:\\\/\\\/grandoptical.pl\\\/porady\\\/event-w-grand-optical-galeria-mokotow-warszawa\\\/#breadcrumb\",\"itemListElement\":[{\"@type\":\"ListItem\",\"position\":1,\"name\":\"Strona g\u0142\u00f3wna\",\"item\":\"https:\\\/\\\/grandoptical.pl\\\/porady\\\/\"},{\"@type\":\"ListItem\",\"position\":2,\"name\":\"Event w Grand Optical Galeria Mokot\u00f3w- Warszawa\"}]},{\"@type\":\"WebSite\",\"@id\":\"https:\\\/\\\/grandoptical.pl\\\/porady\\\/#website\",\"url\":\"https:\\\/\\\/grandoptical.pl\\\/porady\\\/\",\"name\":\"Porady - Grand Optical\",\"description\":\"\",\"potentialAction\":[{\"@type\":\"SearchAction\",\"target\":{\"@type\":\"EntryPoint\",\"urlTemplate\":\"https:\\\/\\\/grandoptical.pl\\\/porady\\\/?s={search_term_string}\"},\"query-input\":{\"@type\":\"PropertyValueSpecification\",\"valueRequired\":true,\"valueName\":\"search_term_string\"}}],\"inLanguage\":\"pl-PL\"},{\"@type\":\"Person\",\"@id\":\"https:\\\/\\\/grandoptical.pl\\\/porady\\\/#\\\/schema\\\/person\\\/77682f9049c237a3165c35d7541f6eda\",\"name\":\"barbarakominek\",\"image\":{\"@type\":\"ImageObject\",\"inLanguage\":\"pl-PL\",\"@id\":\"https:\\\/\\\/secure.gravatar.com\\\/avatar\\\/af4b238673c7ac3e62a800fb04f8e3b0e45bff6ea97546bfe5d8e695b1a32425?s=96&d=mm&r=g\",\"url\":\"https:\\\/\\\/secure.gravatar.com\\\/avatar\\\/af4b238673c7ac3e62a800fb04f8e3b0e45bff6ea97546bfe5d8e695b1a32425?s=96&d=mm&r=g\",\"contentUrl\":\"https:\\\/\\\/secure.gravatar.com\\\/avatar\\\/af4b238673c7ac3e62a800fb04f8e3b0e45bff6ea97546bfe5d8e695b1a32425?s=96&d=mm&r=g\",\"caption\":\"barbarakominek\"},\"url\":\"https:\\\/\\\/grandoptical.pl\\\/porady\\\/author\\\/barbarakominek\\\/\"}]}<\/script>\n<!-- \/ Yoast SEO plugin. -->","yoast_head_json":{"title":"Event w Grand Optical Galeria Mokot\u00f3w- Warszawa","description":"Ju\u017c w najbli\u017csz\u0105 sobot\u0119 09.08 spotkajmy si\u0119 na ca\u0142odniowym evencie w salonie Grand Optical w Westfield Mokot\u00f3w!","robots":{"index":"index","follow":"follow","max-snippet":"max-snippet:-1","max-image-preview":"max-image-preview:large","max-video-preview":"max-video-preview:-1"},"canonical":"https:\/\/grandoptical.pl\/porady\/event-w-grand-optical-galeria-mokotow-warszawa\/","og_locale":"pl_PL","og_type":"article","og_title":"Event w Grand Optical Galeria Mokot\u00f3w- Warszawa","og_description":"Ju\u017c w najbli\u017csz\u0105 sobot\u0119 09.08 spotkajmy si\u0119 na ca\u0142odniowym evencie w salonie Grand Optical w Westfield Mokot\u00f3w!","og_url":"https:\/\/grandoptical.pl\/porady\/event-w-grand-optical-galeria-mokotow-warszawa\/","og_site_name":"Porady - Grand Optical","article_published_time":"2025-08-06T08:58:59+00:00","article_modified_time":"2025-09-09T07:36:59+00:00","author":"barbarakominek","twitter_card":"summary_large_image","twitter_misc":{"Napisane przez":"barbarakominek"},"schema":{"@context":"https:\/\/schema.org","@graph":[{"@type":"Article","@id":"https:\/\/grandoptical.pl\/porady\/event-w-grand-optical-galeria-mokotow-warszawa\/#article","isPartOf":{"@id":"https:\/\/grandoptical.pl\/porady\/event-w-grand-optical-galeria-mokotow-warszawa\/"},"author":{"name":"barbarakominek","@id":"https:\/\/grandoptical.pl\/porady\/#\/schema\/person\/77682f9049c237a3165c35d7541f6eda"},"headline":"Event w Grand Optical Galeria Mokot\u00f3w- Warszawa","datePublished":"2025-08-06T08:58:59+00:00","dateModified":"2025-09-09T07:36:59+00:00","mainEntityOfPage":{"@id":"https:\/\/grandoptical.pl\/porady\/event-w-grand-optical-galeria-mokotow-warszawa\/"},"wordCount":8,"commentCount":0,"inLanguage":"pl-PL","potentialAction":[{"@type":"CommentAction","name":"Comment","target":["https:\/\/grandoptical.pl\/porady\/event-w-grand-optical-galeria-mokotow-warszawa\/#respond"]}]},{"@type":"WebPage","@id":"https:\/\/grandoptical.pl\/porady\/event-w-grand-optical-galeria-mokotow-warszawa\/","url":"https:\/\/grandoptical.pl\/porady\/event-w-grand-optical-galeria-mokotow-warszawa\/","name":"Event w Grand Optical Galeria Mokot\u00f3w- Warszawa","isPartOf":{"@id":"https:\/\/grandoptical.pl\/porady\/#website"},"datePublished":"2025-08-06T08:58:59+00:00","dateModified":"2025-09-09T07:36:59+00:00","author":{"@id":"https:\/\/grandoptical.pl\/porady\/#\/schema\/person\/77682f9049c237a3165c35d7541f6eda"},"description":"Ju\u017c w najbli\u017csz\u0105 sobot\u0119 09.08 spotkajmy si\u0119 na ca\u0142odniowym evencie w salonie Grand Optical w Westfield Mokot\u00f3w!","breadcrumb":{"@id":"https:\/\/grandoptical.pl\/porady\/event-w-grand-optical-galeria-mokotow-warszawa\/#breadcrumb"},"inLanguage":"pl-PL","potentialAction":[{"@type":"ReadAction","target":["https:\/\/grandoptical.pl\/porady\/event-w-grand-optical-galeria-mokotow-warszawa\/"]}]},{"@type":"BreadcrumbList","@id":"https:\/\/grandoptical.pl\/porady\/event-w-grand-optical-galeria-mokotow-warszawa\/#breadcrumb","itemListElement":[{"@type":"ListItem","position":1,"name":"Strona g\u0142\u00f3wna","item":"https:\/\/grandoptical.pl\/porady\/"},{"@type":"ListItem","position":2,"name":"Event w Grand Optical Galeria Mokot\u00f3w- Warszawa"}]},{"@type":"WebSite","@id":"https:\/\/grandoptical.pl\/porady\/#website","url":"https:\/\/grandoptical.pl\/porady\/","name":"Porady - Grand Optical","description":"","potentialAction":[{"@type":"SearchAction","target":{"@type":"EntryPoint","urlTemplate":"https:\/\/grandoptical.pl\/porady\/?s={search_term_string}"},"query-input":{"@type":"PropertyValueSpecification","valueRequired":true,"valueName":"search_term_string"}}],"inLanguage":"pl-PL"},{"@type":"Person","@id":"https:\/\/grandoptical.pl\/porady\/#\/schema\/person\/77682f9049c237a3165c35d7541f6eda","name":"barbarakominek","image":{"@type":"ImageObject","inLanguage":"pl-PL","@id":"https:\/\/secure.gravatar.com\/avatar\/af4b238673c7ac3e62a800fb04f8e3b0e45bff6ea97546bfe5d8e695b1a32425?s=96&d=mm&r=g","url":"https:\/\/secure.gravatar.com\/avatar\/af4b238673c7ac3e62a800fb04f8e3b0e45bff6ea97546bfe5d8e695b1a32425?s=96&d=mm&r=g","contentUrl":"https:\/\/secure.gravatar.com\/avatar\/af4b238673c7ac3e62a800fb04f8e3b0e45bff6ea97546bfe5d8e695b1a32425?s=96&d=mm&r=g","caption":"barbarakominek"},"url":"https:\/\/grandoptical.pl\/porady\/author\/barbarakominek\/"}]}},"_links":{"self":[{"href":"https:\/\/grandoptical.pl\/porady\/wp-json\/wp\/v2\/posts\/996","targetHints":{"allow":["GET"]}}],"collection":[{"href":"https:\/\/grandoptical.pl\/porady\/wp-json\/wp\/v2\/posts"}],"about":[{"href":"https:\/\/grandoptical.pl\/porady\/wp-json\/wp\/v2\/types\/post"}],"author":[{"embeddable":true,"href":"https:\/\/grandoptical.pl\/porady\/wp-json\/wp\/v2\/users\/2"}],"replies":[{"embeddable":true,"href":"https:\/\/grandoptical.pl\/porady\/wp-json\/wp\/v2\/comments?post=996"}],"version-history":[{"count":4,"href":"https:\/\/grandoptical.pl\/porady\/wp-json\/wp\/v2\/posts\/996\/revisions"}],"predecessor-version":[{"id":1095,"href":"https:\/\/grandoptical.pl\/porady\/wp-json\/wp\/v2\/posts\/996\/revisions\/1095"}],"wp:attachment":[{"href":"https:\/\/grandoptical.pl\/porady\/wp-json\/wp\/v2\/media?parent=996"}],"wp:term":[{"taxonomy":"category","embeddable":true,"href":"https:\/\/grandoptical.pl\/porady\/wp-json\/wp\/v2\/categories?post=996"},{"taxonomy":"post_tag","embeddable":true,"href":"https:\/\/grandoptical.pl\/porady\/wp-json\/wp\/v2\/tags?post=996"}],"curies":[{"name":"wp","href":"https:\/\/api.w.org\/{rel}","templated":true}]}}